{"id":3817,"global_id":"www.aesss.es?id=3817","global_id_lineage":["www.aesss.es?id=3817"],"author":"4","status":"publish","date":"2026-03-21 23:42:06","date_utc":"2026-03-21 22:42:06","modified":"2026-03-21 23:51:45","modified_utc":"2026-03-21 22:51:45","url":"https:\/\/www.aesss.es\/?tribe_events=congreso-internacional-cuestiones-actuales-de-derecho-del-trabajo-y-de-la-seguridad-social-en-espana-e-italia-transferencia-del-conocimiento-a-la-practica-juridica-y-empleo-de-los-jovenes-ante-las-tr","rest_url":"https:\/\/www.aesss.es\/index.php?rest_route=\/tribe\/events\/v1\/events\/3817","title":"CONGRESO INTERNACIONAL. CUESTIONES ACTUALES DE DERECHO DEL TRABAJO Y DE LA SEGURIDAD SOCIAL EN ESPA\u00d1A E ITALIA: transferencia del conocimiento a la pr\u00e1ctica jur\u00eddica y empleo de los j\u00f3venes ante las transformaciones del mercado de trabajo","description":"<div class=\"_df_book df-lite\" id=\"df_3807\"  _slug=\"programa\" data-title=\"programa\" wpoptions=\"true\" thumbtype=\"\" ><\/div><script class=\"df-shortcode-script\" nowprocket type=\"application\/javascript\">window.option_df_3807 = {\"outline\":[],\"autoEnableOutline\":\"false\",\"autoEnableThumbnail\":\"false\",\"overwritePDFOutline\":\"false\",\"direction\":\"1\",\"pageSize\":\"0\",\"source\":\"https:\\\/\\\/www.aesss.es\\\/wp-content\\\/uploads\\\/2026\\\/03\\\/Congreso-13-abril-2026-Espana-e-Italia-VDEF-1.pdf\",\"wpOptions\":\"true\"}; if(window.DFLIP && window.DFLIP.parseBooks){window.DFLIP.parseBooks();}<\/script>","excerpt":"","slug":"congreso-internacional-cuestiones-actuales-de-derecho-del-trabajo-y-de-la-seguridad-social-en-espana-e-italia-transferencia-del-conocimiento-a-la-practica-juridica-y-empleo-de-los-jovenes-ante-las-tr","image":{"url":"https:\/\/www.aesss.es\/wp-content\/uploads\/2026\/03\/Congreso-Internacional-13-abril-2026.jpg","id":3806,"extension":"jpg","width":641,"height":905,"filesize":144293,"sizes":{"medium":{"width":212,"height":300,"mime-type":"image\/jpeg","filesize":16975,"url":"https:\/\/www.aesss.es\/wp-content\/uploads\/2026\/03\/Congreso-Internacional-13-abril-2026-212x300.jpg"},"thumbnail":{"width":150,"height":150,"mime-type":"image\/jpeg","filesize":7847,"url":"https:\/\/www.aesss.es\/wp-content\/uploads\/2026\/03\/Congreso-Internacional-13-abril-2026-150x150.jpg"},"et-pb-post-main-image":{"width":400,"height":250,"mime-type":"image\/jpeg","filesize":20403,"url":"https:\/\/www.aesss.es\/wp-content\/uploads\/2026\/03\/Congreso-Internacional-13-abril-2026-400x250.jpg"},"et-pb-post-main-image-fullwidth":{"width":641,"height":675,"mime-type":"image\/jpeg","filesize":94222,"url":"https:\/\/www.aesss.es\/wp-content\/uploads\/2026\/03\/Congreso-Internacional-13-abril-2026-641x675.jpg"},"et-pb-portfolio-image":{"width":400,"height":284,"mime-type":"image\/jpeg","filesize":25505,"url":"https:\/\/www.aesss.es\/wp-content\/uploads\/2026\/03\/Congreso-Internacional-13-abril-2026-400x284.jpg"},"et-pb-portfolio-module-image":{"width":510,"height":382,"mime-type":"image\/jpeg","filesize":39358,"url":"https:\/\/www.aesss.es\/wp-content\/uploads\/2026\/03\/Congreso-Internacional-13-abril-2026-510x382.jpg"},"et-pb-gallery-module-image-portrait":{"width":400,"height":516,"mime-type":"image\/jpeg","filesize":44208,"url":"https:\/\/www.aesss.es\/wp-content\/uploads\/2026\/03\/Congreso-Internacional-13-abril-2026-400x516.jpg"},"et-pb-image--responsive--phone":{"width":480,"height":678,"mime-type":"image\/jpeg","filesize":62862,"url":"https:\/\/www.aesss.es\/wp-content\/uploads\/2026\/03\/Congreso-Internacional-13-abril-2026-480x678.jpg"}}},"all_day":false,"start_date":"2026-04-13 09:30:00","start_date_details":{"year":"2026","month":"04","day":"13","hour":"09","minutes":"30","seconds":"00"},"end_date":"2026-04-13 20:30:00","end_date_details":{"year":"2026","month":"04","day":"13","hour":"20","minutes":"30","seconds":"00"},"utc_start_date":"2026-04-13 07:30:00","utc_start_date_details":{"year":"2026","month":"04","day":"13","hour":"07","minutes":"30","seconds":"00"},"utc_end_date":"2026-04-13 18:30:00","utc_end_date_details":{"year":"2026","month":"04","day":"13","hour":"18","minutes":"30","seconds":"00"},"timezone":"UTC+1","timezone_abbr":"UTC+1","cost":"","cost_details":{"currency_symbol":"\u20ac","currency_code":"EUR","currency_position":"prefix","values":[]},"website":"","show_map":true,"show_map_link":true,"hide_from_listings":false,"sticky":false,"featured":false,"categories":[],"tags":[],"venue":{"id":3804,"author":"4","status":"publish","date":"2026-03-21 22:58:54","date_utc":"2026-03-21 21:58:54","modified":"2026-03-21 23:43:28","modified_utc":"2026-03-21 22:43:28","url":"https:\/\/www.aesss.es\/?tribe_venue=paraninfo-de-la-facultad-de-derecho-de-la-universidad-de-granada","venue":"Paraninfo de la Facultad de Derecho de la Universidad de Granada","slug":"paraninfo-de-la-facultad-de-derecho-de-la-universidad-de-granada","address":"Plaza de la Universidad, n\u00fam. 1, Centro","city":"Granada","country":"Spain","zip":"18001","json_ld":{"@type":"Place","name":"Paraninfo de la Facultad de Derecho de la Universidad de Granada","description":"","url":"","address":{"@type":"PostalAddress","streetAddress":"Plaza de la Universidad, n\u00fam. 1, Centro","addressLocality":"Granada","postalCode":"18001","addressCountry":"Spain"},"telephone":"","sameAs":""},"show_map":true,"show_map_link":true,"global_id":"www.aesss.es?id=3804","global_id_lineage":["www.aesss.es?id=3804"]},"organizer":[],"custom_fields":[],"json_ld":{"@context":"http:\/\/schema.org","@type":"Event","name":"CONGRESO INTERNACIONAL. CUESTIONES ACTUALES DE DERECHO DEL TRABAJO Y DE LA SEGURIDAD SOCIAL EN ESPA\u00d1A E ITALIA: transferencia del conocimiento a la pr\u00e1ctica jur\u00eddica y empleo de los j\u00f3venes ante las transformaciones del mercado de trabajo","description":"","image":"https:\/\/www.aesss.es\/wp-content\/uploads\/2026\/03\/Congreso-Internacional-13-abril-2026.jpg","url":"https:\/\/www.aesss.es\/?tribe_events=congreso-internacional-cuestiones-actuales-de-derecho-del-trabajo-y-de-la-seguridad-social-en-espana-e-italia-transferencia-del-conocimiento-a-la-practica-juridica-y-empleo-de-los-jovenes-ante-las-tr","eventAttendanceMode":"https:\/\/schema.org\/OfflineEventAttendanceMode","eventStatus":"https:\/\/schema.org\/EventScheduled","startDate":"2026-04-13T09:30:00+01:00","endDate":"2026-04-13T20:30:00+01:00","location":{"@type":"Place","name":"Paraninfo de la Facultad de Derecho de la Universidad de Granada","description":"","url":"","address":{"@type":"PostalAddress","streetAddress":"Plaza de la Universidad, n\u00fam. 1, Centro","addressLocality":"Granada","postalCode":"18001","addressCountry":"Spain"},"telephone":"","sameAs":""},"performer":"Organization"}}