{"id":3549,"global_id":"www.aesss.es?id=3549","global_id_lineage":["www.aesss.es?id=3549"],"author":"4","status":"publish","date":"2026-01-09 13:20:40","date_utc":"2026-01-09 12:20:40","modified":"2026-03-05 16:54:15","modified_utc":"2026-03-05 15:54:15","url":"https:\/\/www.aesss.es\/?tribe_events=derecho-laboral-y-seguridad-social-tradicion-innovacion-y-justicia-social","rest_url":"https:\/\/www.aesss.es\/index.php?rest_route=\/tribe\/events\/v1\/events\/3549","title":"Derecho Laboral y Seguridad Social: Tradici\u00f3n, Innovaci\u00f3n y Justicia Social","description":"<p>[et_pb_section admin_label=\u00bbsection\u00bb]<br \/>\n\t\t\t[et_pb_row admin_label=\u00bbrow\u00bb]<br \/>\n\t\t\t\t[et_pb_column type=\u00bb4_4&#8243;][et_pb_text admin_label=\u00bbText\u00bb]<strong>Temas propuestos para su presentaci\u00f3n en la Conferencia:<\/strong><br \/>\n1. Transformaciones europeas en el derecho laboral y de la seguridad social: entre la digitalizaci\u00f3n, la equidad y la sostenibilidad#<br \/>\n2. El derecho laboral en la transici\u00f3n digital: retos jur\u00eddicos y sociales en la Europa de 2026#<br \/>\n3. Equidad, transparencia y protecci\u00f3n social en la Uni\u00f3n Europea<br \/>\n4. Reconfiguraci\u00f3n de la protecci\u00f3n social ante las nuevas formas de trabajo: perspectivas europeas#<br \/>\n5. Derecho laboral e inteligencia artificial: repensando la relaci\u00f3n entre el ser humano, el algoritmo y el derecho<br \/>\n6. Trabajo digital, inteligencia artificial y movilidad justa<br \/>\n7. Trabajo, bienestar y dignidad: repensando el derecho laboral en una Europa en constante cambio<br \/>\n8. Trabajo justo y justicia social en la era de la gesti\u00f3n algor\u00edtmica<br \/>\n9. De la flexibilidad a la equidad: el futuro del trabajo y la protecci\u00f3n social en Europa<br \/>\n10. La dimensi\u00f3n social de la Europa de 2030: derechos de los trabajadores, inclusi\u00f3n e innovaci\u00f3n<\/p>\n<p><strong>COMIT\u00c9 CIENT\u00cdFICO<\/strong><br \/>\nAna Claudia Moarc\u0103\u0219 \u2013 Universidad de Bucarest, Rumania<br \/>\nAlexandru \u021aiclea \u2013 Universidad Ecol\u00f3gica de Bucarest, Rumania<br \/>\nSeptimiu Panainte \u2013 Universidad Alexandru Ioan Cuza de Ia\u0219i, Rumania<br \/>\nRadu \u0218tefan P\u0103tru &#8211; Academia de Estudios Econ\u00f3micos de Bucarest, Rumania<br \/>\nLoredana Manuela Muscalu \u2013 Universidad Bioterra Bucarest, Rumania<br \/>\nCarmen Nenu \u2013 Universidad de Pite\u0219ti, Rumania<br \/>\nJos\u00e9 Luis Monereo P\u00e9rez \u2013 Universidad de Granada, Presidente de la AESSS, Espa\u00f1a<br \/>\nEsperanza M Sierra Benitez \u2013 Universidad de Sevilla, Espa\u00f1a<br \/>\nCristina S\u00e1nchez-Rodas Navarro &#8211; Universidad de Sevilla, Espa\u00f1a<br \/>\nMar\u00eda Salas Porras \u2013 Universidad de M\u00e1laga, Espa\u00f1a<br \/>\nMar\u00eda Jos\u00e9 Romero Rodenas \u2013 Universidad Castilla la Mancha, Espa\u00f1a<br \/>\nAntonio Baylos Grau &#8211; Universidad Castilla la Mancha, Espa\u00f1a<br \/>\nFrancisco Jos\u00e9 Trillo P\u00e1rraga &#8211; Universidad Castilla la Mancha, Espa\u00f1a<br \/>\nCarmen Di Carluccio \u2013 Universidad de Campania \u201eLuigi Vanvitelli\u201d Italia<br \/>\nEdvana Tiri \u2013 Universidad ,,Aleksander Moisiu\u201d Durres, Albania<br \/>\nG\u00e1bor M\u00e9lypataki \u2013 Universidad de Miskolc, Hungr\u00eda<br \/>\nBernadett Solymosi-Szekeres &#8211; Universidad de Miskolc, Hungr\u00eda<br \/>\nLjubinka Kovacevic &#8211; Universidad de Belgrado, Serbia<br \/>\nDo\u011fa Ba\u015far Sar\u0131ipek &#8211; Universidad Kocaeli, Turqu\u00eda<\/p>\n<p><strong>COMIT\u00c9 ORGANIZADOR<\/strong><br \/>\nDan \u021aop \u2013 Asociaci\u00f3n para el Estudio de las Relaciones Laborales Profesionales, Rumania<br \/>\nNicoleta Enache \u2013 Universidad Valahia de T\u00e2rgovi\u0219te, Rumania<br \/>\nMarius Mih\u0103l\u0103chioiu \u2013 Universidad Valahia de T\u00e2rgovi\u0219te, Rumania<br \/>\nMagdolna Wallasek &#8211; Universidad H\u00fangara Sapientia de Transilvania, Cluj Napoca, Rumania<br \/>\nMaria Luiza Hrestic &#8211; Asociaci\u00f3n para el Estudio de las Relaciones Laborales Profesionales, Rumania<br \/>\nIulia Boghirnea &#8211; Universidad de Pite\u0219ti, Rumania<\/p>\n<p>&nbsp;<\/p>\n<p>\u06e9 Puede registrarse para la Conferencia enviando a la direcci\u00f3n admin@asrpm.top, hasta el<br \/>\n31 de marzo de 2026, su nombre y apellido, filiaci\u00f3n institucional, direcci\u00f3n de correo electr\u00f3nico y el t\u00edtulo de la comunicaci\u00f3n.<br \/>\n\u06e9 La cuota de participaci\u00f3n es de 400 lei, el pago se realizar\u00e1 en la cuenta de la Asociaci\u00f3n<br \/>\npara el Estudio de las Relaciones Laborales Profesionales RO69BTRLRONCRT0344905001, abierta en Banca Transilvania, agencia T\u00e2rgovi\u0219te.<br \/>\n\u06e9 Cada participante recibir\u00e1 un certificado de participaci\u00f3n, y la presentaci\u00f3n podr\u00e1 ser<br \/>\npublicada como art\u00edculo en el volumen de la Conferencia, suplemento de la Revue europ\u00e9enne du droit social, publicaci\u00f3n incluida en bases de datos internacionales reconocidas para el campo de las ciencias jur\u00eddicas: BDI Copernicus, CEEOL, EBSCO Publishing, DESY Publication Database, Open Academic Journals Index (OAJI), SJIFactor.com, WorldCat, HeinOnline, Crossref.<br \/>\n\u06e9 Para aquellos que quieran pasar uno, dos o m\u00e1s d\u00edas en T\u00e2rgovi\u0219te, pueden hacer una<br \/>\nreserva en: Hotel del Ponte, Aleea Sinaia no. 64, tel\u00e9fono 0345 404 710<br \/>\n\u06e9 El programa de la conferencia estar\u00e1 disponible en el sitio web www.asrpm.ro en la secci\u00f3n<br \/>\nEventos a partir del 15 de abril de 2026 y se comunicar\u00e1 electr\u00f3nicamente a los inscritos al Congreso.<\/p>\n<p>&nbsp;<\/p>\n<p><a href=\"https:\/\/www.aesss.es\/wp-content\/uploads\/2026\/01\/Invitacion-a-la-Conferencia-Internacional.pdf\">Descargar Documento<\/a>[\/et_pb_text][\/et_pb_column]<br \/>\n\t\t\t[\/et_pb_row]<br \/>\n\t\t[\/et_pb_section]<\/p>","excerpt":"","slug":"derecho-laboral-y-seguridad-social-tradicion-innovacion-y-justicia-social","image":{"url":"https:\/\/www.aesss.es\/wp-content\/uploads\/2026\/01\/Invitacion-a-la-Conferencia-Internacional-scaled.jpg","id":3551,"extension":"jpg","width":1810,"height":2560,"filesize":416346,"sizes":{"medium":{"width":212,"height":300,"mime-type":"image\/jpeg","filesize":16541,"url":"https:\/\/www.aesss.es\/wp-content\/uploads\/2026\/01\/Invitacion-a-la-Conferencia-Internacional-212x300.jpg"},"large":{"width":724,"height":1024,"mime-type":"image\/jpeg","filesize":106868,"url":"https:\/\/www.aesss.es\/wp-content\/uploads\/2026\/01\/Invitacion-a-la-Conferencia-Internacional-724x1024.jpg"},"thumbnail":{"width":150,"height":150,"mime-type":"image\/jpeg","filesize":7428,"url":"https:\/\/www.aesss.es\/wp-content\/uploads\/2026\/01\/Invitacion-a-la-Conferencia-Internacional-150x150.jpg"},"medium_large":{"width":768,"height":1086,"mime-type":"image\/jpeg","filesize":114584,"url":"https:\/\/www.aesss.es\/wp-content\/uploads\/2026\/01\/Invitacion-a-la-Conferencia-Internacional-768x1086.jpg"},"1536x1536":{"width":1086,"height":1536,"mime-type":"image\/jpeg","filesize":197268,"url":"https:\/\/www.aesss.es\/wp-content\/uploads\/2026\/01\/Invitacion-a-la-Conferencia-Internacional-1086x1536.jpg"},"2048x2048":{"width":1448,"height":2048,"mime-type":"image\/jpeg","filesize":300950,"url":"https:\/\/www.aesss.es\/wp-content\/uploads\/2026\/01\/Invitacion-a-la-Conferencia-Internacional-1448x2048.jpg"},"et-pb-post-main-image":{"width":400,"height":250,"mime-type":"image\/jpeg","filesize":18844,"url":"https:\/\/www.aesss.es\/wp-content\/uploads\/2026\/01\/Invitacion-a-la-Conferencia-Internacional-400x250.jpg"},"et-pb-post-main-image-fullwidth":{"width":1080,"height":675,"mime-type":"image\/jpeg","filesize":81854,"url":"https:\/\/www.aesss.es\/wp-content\/uploads\/2026\/01\/Invitacion-a-la-Conferencia-Internacional-1080x675.jpg"},"et-pb-portfolio-image":{"width":400,"height":284,"mime-type":"image\/jpeg","filesize":22514,"url":"https:\/\/www.aesss.es\/wp-content\/uploads\/2026\/01\/Invitacion-a-la-Conferencia-Internacional-400x284.jpg"},"et-pb-portfolio-module-image":{"width":510,"height":382,"mime-type":"image\/jpeg","filesize":34000,"url":"https:\/\/www.aesss.es\/wp-content\/uploads\/2026\/01\/Invitacion-a-la-Conferencia-Internacional-510x382.jpg"},"et-pb-portfolio-image-single":{"width":1080,"height":1528,"mime-type":"image\/jpeg","filesize":194606,"url":"https:\/\/www.aesss.es\/wp-content\/uploads\/2026\/01\/Invitacion-a-la-Conferencia-Internacional-1080x1528.jpg"},"et-pb-gallery-module-image-portrait":{"width":400,"height":516,"mime-type":"image\/jpeg","filesize":40244,"url":"https:\/\/www.aesss.es\/wp-content\/uploads\/2026\/01\/Invitacion-a-la-Conferencia-Internacional-400x516.jpg"},"et-pb-post-main-image-fullwidth-large":{"width":1819,"height":1800,"mime-type":"image\/jpeg","filesize":321611,"url":"https:\/\/www.aesss.es\/wp-content\/uploads\/2026\/01\/Invitacion-a-la-Conferencia-Internacional-1819x1800.jpg"},"et-pb-image--responsive--desktop":{"width":1280,"height":1810,"mime-type":"image\/jpeg","filesize":250024,"url":"https:\/\/www.aesss.es\/wp-content\/uploads\/2026\/01\/Invitacion-a-la-Conferencia-Internacional-1280x1810.jpg"},"et-pb-image--responsive--tablet":{"width":980,"height":1386,"mime-type":"image\/jpeg","filesize":168533,"url":"https:\/\/www.aesss.es\/wp-content\/uploads\/2026\/01\/Invitacion-a-la-Conferencia-Internacional-980x1386.jpg"},"et-pb-image--responsive--phone":{"width":480,"height":679,"mime-type":"image\/jpeg","filesize":57479,"url":"https:\/\/www.aesss.es\/wp-content\/uploads\/2026\/01\/Invitacion-a-la-Conferencia-Internacional-480x679.jpg"}},"original_image":"Invitacion-a-la-Conferencia-Internacional.jpg"},"all_day":true,"start_date":"2026-04-23 00:00:00","start_date_details":{"year":"2026","month":"04","day":"23","hour":"00","minutes":"00","seconds":"00"},"end_date":"2026-04-24 23:59:59","end_date_details":{"year":"2026","month":"04","day":"24","hour":"23","minutes":"59","seconds":"59"},"utc_start_date":"2026-04-22 22:00:00","utc_start_date_details":{"year":"2026","month":"04","day":"22","hour":"22","minutes":"00","seconds":"00"},"utc_end_date":"2026-04-24 21:59:59","utc_end_date_details":{"year":"2026","month":"04","day":"24","hour":"21","minutes":"59","seconds":"59"},"timezone":"UTC+1","timezone_abbr":"UTC+1","cost":"400LEU","cost_details":{"currency_symbol":"LEU","currency_code":"RON","currency_position":"suffix","values":["400"]},"website":"","show_map":true,"show_map_link":true,"hide_from_listings":false,"sticky":false,"featured":false,"categories":[{"name":"Congreso AESSS","slug":"congreso-aesss","term_group":0,"term_taxonomy_id":19,"taxonomy":"tribe_events_cat","description":"","parent":0,"count":3,"filter":"raw","id":19,"urls":{"self":"https:\/\/www.aesss.es\/index.php?rest_route=\/tribe\/events\/v1\/categories\/19","collection":"https:\/\/www.aesss.es\/index.php?rest_route=\/tribe\/events\/v1\/categories"}}],"tags":[],"venue":{"id":3552,"author":"4","status":"publish","date":"2026-01-09 13:26:41","date_utc":"2026-01-09 12:26:41","modified":"2026-01-09 13:26:41","modified_utc":"2026-01-09 12:26:41","url":"https:\/\/www.aesss.es\/?tribe_venue=targoviste","venue":"Targoviste","slug":"targoviste","city":"T\u00e2rgovi\u0219te","country":"Romania","json_ld":{"@type":"Place","name":"Targoviste","description":"","url":"","address":{"@type":"PostalAddress","addressLocality":"T\u00e2rgovi\u0219te","addressCountry":"Romania"},"telephone":"","sameAs":""},"show_map":true,"show_map_link":true,"global_id":"www.aesss.es?id=3552","global_id_lineage":["www.aesss.es?id=3552"]},"organizer":[{"id":3553,"author":"4","status":"publish","date":"2026-01-09 13:35:08","date_utc":"2026-01-09 12:35:08","modified":"2026-01-09 13:35:08","modified_utc":"2026-01-09 12:35:08","url":"https:\/\/www.aesss.es\/?tribe_organizer=universidad-de-sevilla","organizer":"Universidad de Sevilla","slug":"universidad-de-sevilla","json_ld":{"@type":"Person","name":"Universidad de Sevilla","description":"","url":"","telephone":"","email":"","sameAs":""},"global_id":"www.aesss.es?id=3553","global_id_lineage":["www.aesss.es?id=3553"]},{"id":3563,"author":"4","status":"publish","date":"2026-01-09 13:35:39","date_utc":"2026-01-09 12:35:39","modified":"2026-01-09 13:35:39","modified_utc":"2026-01-09 12:35:39","url":"https:\/\/www.aesss.es\/?tribe_organizer=universidad-de-malaga","organizer":"Universidad de M\u00e1laga","slug":"universidad-de-malaga","json_ld":{"@type":"Person","name":"Universidad de M\u00e1laga","description":"","url":"","telephone":"","email":"","sameAs":""},"global_id":"www.aesss.es?id=3563","global_id_lineage":["www.aesss.es?id=3563"]},{"id":3569,"author":"4","status":"publish","date":"2026-01-09 13:37:15","date_utc":"2026-01-09 12:37:15","modified":"2026-01-09 13:37:15","modified_utc":"2026-01-09 12:37:15","url":"https:\/\/www.aesss.es\/?tribe_organizer=association-for-the-study-of-the-professional-labour-relations","organizer":"Association for the study of the professional Labour Relations","slug":"association-for-the-study-of-the-professional-labour-relations","json_ld":{"@type":"Person","name":"Association for the study of the professional Labour Relations","description":"","url":"","telephone":"","email":"","sameAs":""},"global_id":"www.aesss.es?id=3569","global_id_lineage":["www.aesss.es?id=3569"]},{"id":3567,"author":"4","status":"publish","date":"2026-01-09 13:36:49","date_utc":"2026-01-09 12:36:49","modified":"2026-01-09 13:36:49","modified_utc":"2026-01-09 12:36:49","url":"https:\/\/www.aesss.es\/?tribe_organizer=universidad-de-castilla-la-mancha","organizer":"Universidad de Castilla-La Mancha","slug":"universidad-de-castilla-la-mancha","json_ld":{"@type":"Person","name":"Universidad de Castilla-La Mancha","description":"","url":"","telephone":"","email":"","sameAs":""},"global_id":"www.aesss.es?id=3567","global_id_lineage":["www.aesss.es?id=3567"]},{"id":3571,"author":"4","status":"publish","date":"2026-01-09 13:37:49","date_utc":"2026-01-09 12:37:49","modified":"2026-01-09 13:37:49","modified_utc":"2026-01-09 12:37:49","url":"https:\/\/www.aesss.es\/?tribe_organizer=universita-degli-studi-della-campania-luigi-vanvitelli","organizer":"Universit\u00e0 degli studi della Campania Luigi Vanvitelli","slug":"universita-degli-studi-della-campania-luigi-vanvitelli","json_ld":{"@type":"Person","name":"Universit\u00e0 degli studi della Campania Luigi Vanvitelli","description":"","url":"","telephone":"","email":"","sameAs":""},"global_id":"www.aesss.es?id=3571","global_id_lineage":["www.aesss.es?id=3571"]},{"id":3565,"author":"4","status":"publish","date":"2026-01-09 13:35:57","date_utc":"2026-01-09 12:35:57","modified":"2026-01-09 13:35:57","modified_utc":"2026-01-09 12:35:57","url":"https:\/\/www.aesss.es\/?tribe_organizer=universidad-de-granada","organizer":"Universidad de Granada","slug":"universidad-de-granada","json_ld":{"@type":"Person","name":"Universidad de Granada","description":"","url":"","telephone":"","email":"","sameAs":""},"global_id":"www.aesss.es?id=3565","global_id_lineage":["www.aesss.es?id=3565"]},{"id":3311,"author":"4","status":"publish","date":"2025-06-12 09:56:02","date_utc":"2025-06-12 08:56:02","modified":"2025-06-12 09:56:02","modified_utc":"2025-06-12 08:56:02","url":"https:\/\/www.aesss.es\/?tribe_organizer=aesss","organizer":"AESSS","slug":"aesss","json_ld":{"@type":"Person","name":"AESSS","description":"","url":"","telephone":"","email":"","sameAs":""},"global_id":"www.aesss.es?id=3311","global_id_lineage":["www.aesss.es?id=3311"]}],"custom_fields":[],"json_ld":{"@context":"http:\/\/schema.org","@type":"Event","name":"Derecho Laboral y Seguridad Social: Tradici\u00f3n, Innovaci\u00f3n y Justicia Social","description":"&lt;p&gt;Temas propuestos para su presentaci\u00f3n en la Conferencia: 1. Transformaciones europeas en el derecho laboral y de la seguridad social: entre la digitalizaci\u00f3n, la equidad y la sostenibilidad# 2. El [&hellip;]&lt;\/p&gt;\\n","image":"https:\/\/www.aesss.es\/wp-content\/uploads\/2026\/01\/Invitacion-a-la-Conferencia-Internacional-scaled.jpg","url":"https:\/\/www.aesss.es\/?tribe_events=derecho-laboral-y-seguridad-social-tradicion-innovacion-y-justicia-social","eventAttendanceMode":"https:\/\/schema.org\/OfflineEventAttendanceMode","eventStatus":"https:\/\/schema.org\/EventScheduled","startDate":"2026-04-23T00:00:00+01:00","endDate":"2026-04-24T23:59:59+01:00","location":{"@type":"Place","name":"Targoviste","description":"","url":"","address":{"@type":"PostalAddress","addressLocality":"T\u00e2rgovi\u0219te","addressCountry":"Romania"},"telephone":"","sameAs":""},"organizer":{"@type":"Person","name":"Universidad de Sevilla","description":"","url":"","telephone":"","email":"","sameAs":""},"offers":{"@type":"Offer","price":"400","priceCurrency":"RON","url":"https:\/\/www.aesss.es\/?tribe_events=derecho-laboral-y-seguridad-social-tradicion-innovacion-y-justicia-social","category":"primary","availability":"inStock","validFrom":"2026-09-01T00:00:00+00:00"},"performer":"Organization"}}